{"id":32283,"date":"2025-01-01T14:50:58","date_gmt":"2025-01-01T14:50:58","guid":{"rendered":"http:\/\/67.202.1.253.nip.io\/?p=32283"},"modified":"2025-03-05T01:16:43","modified_gmt":"2025-03-05T01:16:43","slug":"bela-lugosi-el-eterno-conde-dracula","status":"publish","type":"post","link":"https:\/\/bibliotele.com\/eng\/bela-lugosi-el-eterno-conde-dracula\/","title":{"rendered":"Bela Lugosi: El eterno Conde Dr\u00e1cula"},"content":{"rendered":"<p>[et_pb_section fb_built=\u00bb1&#8243; _builder_version=\u00bb4.16&#8243; global_colors_info=\u00bb{}\u00bb][et_pb_row column_structure=\u00bb1_2,1_2&#8243; _builder_version=\u00bb4.16&#8243; global_colors_info=\u00bb{}\u00bb][et_pb_column type=\u00bb1_2&#8243; _builder_version=\u00bb4.16&#8243; global_colors_info=\u00bb{}\u00bb][et_pb_image src=\u00bbhttp:\/\/67.202.1.253.nip.io\/wp-content\/uploads\/2025\/01\/FgaMkfbXwAE34Px.jpeg\u00bb alt=\u00bbCartel pel\u00edcula Dr\u00e1cula de Bela Lugosi. Bibliotele\u00bb title_text=\u00bbDr\u00e1cula de Bela Lugosi. Bibliotele\u00bb _builder_version=\u00bb4.27.4&#8243; max_width_tablet=\u00bb300px\u00bb max_width_phone=\u00bb\u00bb max_width_last_edited=\u00bbon|tablet\u00bb custom_margin=\u00bb|||-8vw|false|false\u00bb custom_margin_tablet=\u00bb|||0vw|false|false\u00bb custom_margin_phone=\u00bb\u00bb custom_margin_last_edited=\u00bbon|tablet\u00bb global_colors_info=\u00bb{}\u00bb][\/et_pb_image][\/et_pb_column][et_pb_column type=\u00bb1_2&#8243; _builder_version=\u00bb4.16&#8243; custom_padding=\u00bb100px||||false|false\u00bb custom_padding_tablet=\u00bb0px||||false|false\u00bb custom_padding_phone=\u00bb\u00bb custom_padding_last_edited=\u00bbon|tablet\u00bb global_colors_info=\u00bb{}\u00bb][et_pb_post_title title=\u00bboff\u00bb author=\u00bboff\u00bb featured_image=\u00bboff\u00bb _builder_version=\u00bb4.27.4&#8243; meta_font=\u00bb|700||on|||||\u00bb meta_text_color=\u00bb#ffc077&#8243; meta_font_size=\u00bb12px\u00bb meta_letter_spacing=\u00bb1px\u00bb hover_enabled=\u00bb0&#8243; global_colors_info=\u00bb{}\u00bb date=\u00bboff\u00bb sticky_enabled=\u00bb0&#8243;][\/et_pb_post_title][et_pb_post_title author=\u00bboff\u00bb date=\u00bboff\u00bb comments=\u00bboff\u00bb featured_image=\u00bboff\u00bb _builder_version=\u00bb4.27.4&#8243; title_font=\u00bbMontserrat|700|||||||\u00bb title_font_size=\u00bb64px\u00bb title_line_height=\u00bb1.2em\u00bb title_font_size_tablet=\u00bb50px\u00bb title_font_size_phone=\u00bb24px\u00bb title_font_size_last_edited=\u00bbon|desktop\u00bb locked=\u00bboff\u00bb global_colors_info=\u00bb{}\u00bb][\/et_pb_post_title][et_pb_blurb title=\u00bb@ET-DC@eyJkeW5hbWljIjp0cnVlLCJjb250ZW50IjoicG9zdF9hdXRob3IiLCJzZXR0aW5ncyI6eyJiZWZvcmUiOiJFc2NyaXRvIHBvciAiLCJhZnRlciI6IiIsIm5hbWVfZm9ybWF0IjoiZGlzcGxheV9uYW1lIiwibGluayI6Im9uIiwibGlua19kZXN0aW5hdGlvbiI6ImF1dGhvcl9hcmNoaXZlIn19@\u00bb image=\u00bbhttp:\/\/67.202.1.253.nip.io\/wp-content\/uploads\/2025\/01\/Screenshot-2025-01-01-at-11.02.07\u202fAM.png\u00bb alt=\u00bbJavier Hidalgo. Bibliotele\u00bb icon_placement=\u00bbleft\u00bb image_icon_width=\u00bb48px\u00bb content_max_width=\u00bb1100px\u00bb _builder_version=\u00bb4.27.4&#8243; _dynamic_attributes=\u00bbtitle,content\u00bb header_font=\u00bbCardo|700|||||||\u00bb body_font=\u00bb||||||||\u00bb body_line_height=\u00bb1em\u00bb border_radii_image=\u00bbon|70px|70px|70px|70px\u00bb image_max_width=\u00bb48px\u00bb locked=\u00bboff\u00bb global_colors_info=\u00bb{}\u00bb]@ET-DC@eyJkeW5hbWljIjp0cnVlLCJjb250ZW50IjoicG9zdF9jYXRlZ29yaWVzIiwic2V0dGluZ3MiOnsiYmVmb3JlIjoiSW4gIiwiYWZ0ZXIiOiIiLCJsaW5rX3RvX3Rlcm1fcGFnZSI6Im9uIiwic2VwYXJhdG9yIjoiIHwgIiwiY2F0ZWdvcnlfdHlwZSI6InBhZ2VfY2F0ZWdvcnkifX0=@[\/et_pb_blurb][et_pb_text _builder_version=\u00bb4.27.4&#8243; text_line_height=\u00bb1.8em\u00bb text_orientation=\u00bbjustify\u00bb max_width=\u00bb600px\u00bb module_alignment=\u00bbcenter\u00bb text_text_align=\u00bbjustify\u00bb locked=\u00bboff\u00bb global_colors_info=\u00bb{}\u00bb]<\/p>\n<p><strong>Bela Lugosi<\/strong> (1882-1956) es un nombre inmortalizado en la historia del cine como el actor que defini\u00f3 para siempre la imagen del ic\u00f3nico <strong>Conde Dr\u00e1cula<\/strong>, el vampiro m\u00e1s emblem\u00e1tico y aterrador de la cultura popular. Su interpretaci\u00f3n, cargada de misterio, elegancia y una intensidad \u00fanica, dej\u00f3 una marca imborrable en el g\u00e9nero del cine de terror. Sin embargo, m\u00e1s all\u00e1 de su legendario papel, la vida y carrera de Lugosi estuvieron llenas de fascinantes curiosidades, desaf\u00edos personales y momentos que lo convirtieron en una figura tanto admirada como enigm\u00e1tica, digna de ser recordada por generaciones de cin\u00e9filos.<\/p>\n<p>[\/et_pb_text][et_pb_text _builder_version=\u00bb4.27.4&#8243; text_font=\u00bbCardo|700|on||||||\u00bb text_font_size=\u00bb16px\u00bb text_line_height=\u00bb1.8em\u00bb link_font=\u00bb||||on||||\u00bb link_text_color=\u00bb#000000&#8243; max_width=\u00bb600px\u00bb module_alignment=\u00bbcenter\u00bb locked=\u00bboff\u00bb global_colors_info=\u00bb{}\u00bb]<\/p>\n<p><a href=\"#\">Continuar leyendo: 4-5 min<\/a><\/p>\n<p>[\/et_pb_text][\/et_pb_column][\/et_pb_row][\/et_pb_section][et_pb_section fb_built=\u00bb1&#8243; _builder_version=\u00bb4.16&#8243; global_colors_info=\u00bb{}\u00bb][et_pb_row column_structure=\u00bb1_3,1_3,1_3&#8243; _builder_version=\u00bb4.16&#8243; global_colors_info=\u00bb{}\u00bb][et_pb_column type=\u00bb1_3&#8243; _builder_version=\u00bb4.16&#8243; global_colors_info=\u00bb{}\u00bb][et_pb_text _builder_version=\u00bb4.27.4&#8243; text_line_height=\u00bb1.8em\u00bb text_orientation=\u00bbjustify\u00bb max_width=\u00bb600px\u00bb module_alignment=\u00bbcenter\u00bb text_text_align=\u00bbjustify\u00bb locked=\u00bboff\u00bb global_colors_info=\u00bb{}\u00bb]<\/p>\n<h4><b>Or\u00edgenes en Transilvania y un destino marcado<\/b><\/h4>\n<p><span style=\"font-weight: 400;\">Bela Ferenc Dezs\u0151 Blask\u00f3 naci\u00f3 en Lugos, cerca de la frontera occidental de <\/span><b>Transilvania<\/b><span style=\"font-weight: 400;\">, la cuna del infame Se\u00f1or de la Noche. Antes de convertirse en una leyenda del cine, Lugosi era ya una figura destacada en el <\/span><b>Teatro Nacional de Budapest<\/b><span style=\"font-weight: 400;\">, fundador del sindicato de actores y veterano de la Primera Guerra Mundial.<\/span><\/p>\n<p><span style=\"font-weight: 400;\"><img loading=\"lazy\" decoding=\"async\" src=\"http:\/\/67.202.1.253.nip.io\/wp-content\/uploads\/2025\/01\/i-am-dracula-count-dracula-300x204.gif\" width=\"313\" height=\"213\" alt=\"soy Dr\u00e1cula, el Conde Dr\u00e1cula. Bibliotele\" class=\"wp-image-32286 alignnone size-medium\" \/><\/span><\/p>\n<h4><b>De Hungr\u00eda a Hollywood<\/b><\/h4>\n<p><span style=\"font-weight: 400;\">Tras la Revoluci\u00f3n Comunista fallida en Hungr\u00eda en 1919 y debido a sus inclinaciones pol\u00edticas socialistas, emigr\u00f3 a <\/span><b>Estados Unidos.<\/b><span style=\"font-weight: 400;\"> Su dificultad para entender el ingl\u00e9s no impidi\u00f3 que formara una compa\u00f1\u00eda teatral compuesta por inmigrantes h\u00fangaros como \u00e9l. Su primera obra en ingl\u00e9s, The Red Poppy, fue todo un \u00e9xito entre los cr\u00edticos, que desconoc\u00edan que Lugosi memoriz\u00f3 todo su papel de manera fon\u00e9tica. Habi\u00e9ndose ganado una reputaci\u00f3n por su versatilidad como int\u00e9rprete en cine y teatro, en 1927 lleg\u00f3 la oportunidad que cambiar\u00eda su vida para siempre, el papel protagonista en la adaptaci\u00f3n de Broadway de cierta obra de BramStoker publicada 30 a\u00f1os antes: Dr\u00e1cula. \ud83e\udddb\u200d\u2642\ufe0f<\/span><\/p>\n<p><span style=\"font-weight: 400;\"><img loading=\"lazy\" decoding=\"async\" src=\"http:\/\/67.202.1.253.nip.io\/wp-content\/uploads\/2025\/01\/FgacHHFWYAID7DQ-238x300.jpeg\" width=\"312\" height=\"393\" alt=\"Bela Lugosi. Conde Dr\u00e1cula. Bibliotele\" class=\"wp-image-32280 alignnone size-medium\" \/><\/span><\/p>\n<h4><b>El mito de Dr\u00e1cula en la gran pantalla<\/b><\/h4>\n<p><span style=\"font-weight: 400;\">Tras 261 actuaciones en Broadway y una gira de dos a\u00f1os por el pa\u00eds, la vinculaci\u00f3n del actor con el personaje era ya m\u00e1s que evidente. Parecer\u00eda que Lugosi era la opci\u00f3n ideal cuando, en 1930, Universal Pictures puso en marcha su ambiciosa adaptaci\u00f3n cinematogr\u00e1fica\u2026<\/span><\/p>\n<p><span style=\"font-weight: 400;\">No fue as\u00ed. Paul Muni, Chester Morris, John Wray, Joseph Schildkraut, William Courtenay, John Carradine o Conrad Veidt optaron al papel. <\/span><\/p>\n<p>[\/et_pb_text][\/et_pb_column][et_pb_column type=\u00bb1_3&#8243; _builder_version=\u00bb4.16&#8243; global_colors_info=\u00bb{}\u00bb][et_pb_text _builder_version=\u00bb4.27.4&#8243; text_line_height=\u00bb1.8em\u00bb text_orientation=\u00bbjustify\u00bb max_width=\u00bb600px\u00bb module_alignment=\u00bbcenter\u00bb text_text_align=\u00bbjustify\u00bb locked=\u00bboff\u00bb global_colors_info=\u00bb{}\u00bb]<\/p>\n<p><span style=\"font-weight: 400;\">El fallecimiento de Lon Chaney fue clave para que el papel recayera finalmente en el actor h\u00fangaro. As\u00ed fue como se cerr\u00f3 el c\u00edrculo y, en ese momento, naci\u00f3 un mito.<\/span><\/p>\n<p><span style=\"font-weight: 400;\"><img loading=\"lazy\" decoding=\"async\" src=\"http:\/\/67.202.1.253.nip.io\/wp-content\/uploads\/2025\/01\/FgaJXM6WQAAnP7a-300x235.jpeg\" width=\"313\" height=\"245\" alt=\"Dr\u00e1cula. El Mito. Bibliotele\" class=\"wp-image-32294 alignnone size-medium\" \/><\/span><\/p>\n<p><span style=\"font-weight: 400;\">Para generar m\u00e1s inter\u00e9s en la pel\u00edcula, los productores anunciaron que el enigm\u00e1tico Lugosi era descendiente real de la nobleza europea, dato totalmente infundado pero que ayud\u00f3 a cimentar la mimetizaci\u00f3n del actor con el personaje. Lugosi cobr\u00f3 $3,500 por su interpretaci\u00f3n.<\/span><\/p>\n<p><img loading=\"lazy\" decoding=\"async\" src=\"http:\/\/67.202.1.253.nip.io\/wp-content\/uploads\/2025\/01\/FgaOSqFX0AsJUhS-248x300.jpeg\" width=\"316\" height=\"382\" alt=\"Conde Dracula. Transilvania. Bibliotele.\" class=\"wp-image-32295 alignnone size-medium\" \/><\/p>\n<p><span style=\"font-weight: 400;\">Bela Lugosi era Dr\u00e1cula, de la misma manera que Boris Karloff era Frankestein, pero\u2026 \u00bfSab\u00edas que Lugosi audit\u00f3 para ser el monstruo de Frankenstein y afirm\u00f3 declinarlo por \u201cla falta de l\u00edneas de di\u00e1logo\u201d aunque lo cierto es que fue rechazado por su desastrosa prueba de c\u00e1mara?<\/span><\/p>\n<p><span style=\"font-weight: 400;\">Bautizados como los Monster Men, muchos productores unieron a Lugosi en Karloff en multitud de proyectos, como \u2018El ladr\u00f3n de cad\u00e1veres\u2019 (The Body Snatcher) de 1945, dirigida por Robert Wise (West Side Story).<\/span><\/p>\n<p><span style=\"font-weight: 400;\"><img loading=\"lazy\" decoding=\"async\" src=\"http:\/\/67.202.1.253.nip.io\/wp-content\/uploads\/2025\/01\/FgaPiduX0AUUHV_-300x300.jpeg\" width=\"300\" height=\"300\" alt=\"Bela Lugosi con Boris Karloff. Bibliotele\" class=\"wp-image-32297 alignnone size-medium\" \/><\/span><\/p>\n<p>[\/et_pb_text][\/et_pb_column][et_pb_column type=\u00bb1_3&#8243; _builder_version=\u00bb4.16&#8243; global_colors_info=\u00bb{}\u00bb][et_pb_text quote_border_color=\u00bb#000000&#8243; _builder_version=\u00bb4.27.4&#8243; text_line_height=\u00bb1.8em\u00bb quote_font=\u00bb|600|||||||\u00bb quote_text_color=\u00bb#000000&#8243; text_orientation=\u00bbjustify\u00bb max_width=\u00bb600px\u00bb module_alignment=\u00bbcenter\u00bb text_text_align=\u00bbjustify\u00bb locked=\u00bboff\u00bb global_colors_info=\u00bb{}\u00bb]<\/p>\n<h4><b>M\u00e1s all\u00e1 del vampiro<\/b><\/h4>\n<p><span style=\"font-weight: 400;\">Su hipn\u00f3tica mirada, su intimidante porte aristocr\u00e1tico e incluso su sentido del humor han quedado inmortalizados en pel\u00edculas como las terror\u00edficas \u2018Invisible Ghost\u2019 y \u2018The Corpse Vanishes\u2019\u2026 \u2026 la cinta de terror psicotr\u00f3nico de culto \u2018The Devil Bat\u2019\u2026<\/span><\/p>\n<p><span style=\"font-weight: 400;\">\u2026 o la divertida \u2018Ghosts on the Loose\u2019, aventura de los \u2018East Side Kids\u2019 donde compart\u00eda pantalla con una a\u00fan desconocida Ava Gardner.<\/span><\/p>\n<p><span style=\"font-weight: 400;\">La calidad de los papeles que le ofrec\u00edan a Lugosi fue decayendo con los a\u00f1os, reduci\u00e9ndose a variaciones y parodias del personaje que le hab\u00eda dado la fama y haciendo as\u00ed que Lugosi cayera en su tan temido encasillamiento (\u00e9l siempre se hab\u00eda considerado un \u201ccharacter actor\u201d).<\/span><\/p>\n<p><span style=\"font-weight: 400;\"><img loading=\"lazy\" decoding=\"async\" src=\"http:\/\/67.202.1.253.nip.io\/wp-content\/uploads\/2025\/01\/FgaYwYzXgAMa2WR-230x300.jpeg\" width=\"230\" height=\"300\" alt=\"Mother Riley Meets The Vampire. Bibliotele\" class=\"wp-image-32290 alignnone size-medium\" style=\"display: block; margin-left: auto; margin-right: auto;\" \/><\/span><\/p>\n<p><span style=\"font-weight: 400;\">Momento en el que entra en escena Ed Wood, considerado el peor director de la Historia del cine, que vio en Lugosi la oportunidad de contar con una \u201cestrella\u201d a un bajo coste para sus delirantes producciones de serie B.<\/span><\/p>\n<p><span style=\"font-weight: 400;\">La cr\u00f3nica de esta historia y la maravillosa interpretaci\u00f3n de Lugosi llevada a cabo por Martin Landau (que le vali\u00f3 el Oscar a Mejor Actor Secundario) de la pel\u00edcula \u2018Ed Wood\u2019 de Tim Burton\u00a0 son ya tambi\u00e9n Historia del Cine.<\/span><\/p>\n<p><span style=\"font-weight: 400;\">A\u00fan tras su muerte en 1956, Wood aprovech\u00f3 un material de prueba que rod\u00f3 con Lugosi frente a su propia casa para incorporarlo toscamente a su pel\u00edcula \u2018Plan 9 From Outer Space\u2019, en lo que ser\u00eda su \u201c\u00faltimo papel\u201d.<\/span><\/p>\n<p><span style=\"font-weight: 400;\"><img loading=\"lazy\" decoding=\"async\" src=\"http:\/\/67.202.1.253.nip.io\/wp-content\/uploads\/2025\/01\/9HK-300x158.gif\" width=\"313\" height=\"165\" alt=\"Ed Wood. Johnny Depp y Martin Landau. Bibliotele\" class=\"wp-image-32304 alignnone size-medium\" \/><\/span><\/p>\n<blockquote>\n<p><span style=\"font-weight: 400;\">\u00abPobre Bela. Realmente era un hombre t\u00edmido, sensible y con talento. Pero cometi\u00f3 un error fatal. Nunca aprendi\u00f3 ingl\u00e9s y desconfiaba mucho en plat\u00f3, sospechaba que le quer\u00edan robar el protagonismo. Cuando entendi\u00f3 que yo no hac\u00eda esas tonter\u00edas, nos hicimos amigos\u201d Boris Karloff<\/span><\/p>\n<\/blockquote>\n<p>[\/et_pb_text][\/et_pb_column][\/et_pb_row][\/et_pb_section][et_pb_section fb_built=\u00bb1&#8243; _builder_version=\u00bb4.16&#8243; global_colors_info=\u00bb{}\u00bb][et_pb_row column_structure=\u00bb1_2,1_2&#8243; use_custom_gutter=\u00bbon\u00bb gutter_width=\u00bb1&#8243; make_equal=\u00bbon\u00bb _builder_version=\u00bb4.16&#8243; global_colors_info=\u00bb{}\u00bb][et_pb_column type=\u00bb1_2&#8243; _builder_version=\u00bb4.16&#8243; background_color=\u00bbrgba(0,0,0,0.03)\u00bb z_index=\u00bb10&#8243; custom_padding=\u00bb140px|60px|60px|60px|false|true\u00bb custom_padding_tablet=\u00bb40px|40px|40px|40px|true|true\u00bb custom_padding_phone=\u00bb20px|20px|20px|20px|true|true\u00bb custom_padding_last_edited=\u00bbon|phone\u00bb global_colors_info=\u00bb{}\u00bb][et_pb_text _builder_version=\u00bb4.27.4&#8243; text_font=\u00bbCardo||||||||\u00bb text_text_color=\u00bb#2a2a2a\u00bb text_font_size=\u00bb48px\u00bb text_line_height=\u00bb1.4em\u00bb text_orientation=\u00bbright\u00bb custom_margin=\u00bb|-130px|30px|-30px|false|false\u00bb custom_margin_tablet=\u00bb|0px|||false|false\u00bb custom_margin_phone=\u00bb\u00bb custom_margin_last_edited=\u00bbon|tablet\u00bb custom_padding=\u00bb|||0px||\u00bb text_font_size_tablet=\u00bb36px\u00bb text_font_size_phone=\u00bb30px\u00bb text_font_size_last_edited=\u00bbon|desktop\u00bb text_text_align=\u00bbright\u00bb locked=\u00bboff\u00bb global_colors_info=\u00bb{}\u00bb text_text_align_tablet=\u00bbleft\u00bb text_text_align_last_edited=\u00bbon|tablet\u00bb text_text_align_phone=\u00bbleft\u00bb]<\/p>\n<p><span style=\"font-weight: 400;\">\u00abEra un hombre t\u00edmido, sensible y con talento. Pero cometi\u00f3 un error fatal. Nunca aprendi\u00f3 ingl\u00e9s\u00bb<\/span><\/p>\n<p>[\/et_pb_text][et_pb_text _builder_version=\u00bb4.27.4&#8243; text_line_height=\u00bb1.8em\u00bb text_orientation=\u00bbjustify\u00bb max_width=\u00bb600px\u00bb module_alignment=\u00bbcenter\u00bb text_text_align=\u00bbjustify\u00bb locked=\u00bboff\u00bb global_colors_info=\u00bb{}\u00bb]<\/p>\n<p><span style=\"font-weight: 400;\">Debido a las heridas sufridas durante el servicio militar, Lugosi hab\u00eda desarrollado una grave ci\u00e1tica cr\u00f3nica que trataba con opi\u00e1ceos. Su dependencia a la morfina fue empeorando en paralelo al declive de su carrera.<\/span><\/p>\n<p><span style=\"font-weight: 400;\">Para inicios de los a\u00f1os 50, Lugosi viv\u00eda rozando la pobreza y aceptando precarios trabajos en \u201cteatros de verano\u201d y eventos p\u00fablicos\u2026<\/span><\/p>\n<p><span style=\"font-weight: 400;\">Bela Lugosi muri\u00f3 de un ataque al coraz\u00f3n y fue enterrado en el cementerio Holy Cross de Culver City, California. Pidi\u00f3 que se le enterrase con una de sus capas de Dracula.<\/span><\/p>\n<p>[\/et_pb_text][\/et_pb_column][et_pb_column type=\u00bb1_2&#8243; _builder_version=\u00bb4.16&#8243; custom_padding=\u00bb70px||70px||true|false\u00bb global_colors_info=\u00bb{}\u00bb][et_pb_image src=\u00bbhttp:\/\/67.202.1.253.nip.io\/wp-content\/uploads\/2025\/01\/FgaD4OTWAAI9i0L.jpeg\u00bb alt=\u00bbBela Lugosi. Bibliotele\u00bb title_text=\u00bbB\u00e9la Ferenc Dezs\u0151 Blask\u00f3. Bibliotele\u00bb _builder_version=\u00bb4.27.4&#8243; global_colors_info=\u00bb{}\u00bb][\/et_pb_image][\/et_pb_column][\/et_pb_row][\/et_pb_section][et_pb_section fb_built=\u00bb1&#8243; admin_label=\u00bbTestimonials\u00bb _builder_version=\u00bb4.16&#8243; use_background_color_gradient=\u00bbon\u00bb background_color_gradient_direction=\u00bb90deg\u00bb background_color_gradient_stops=\u00bb#ffffff 70%|#ffc077 70%\u00bb background_color_gradient_start=\u00bb#ffffff\u00bb background_color_gradient_start_position=\u00bb70%\u00bb background_color_gradient_end=\u00bb#ffc077&#8243; background_color_gradient_end_position=\u00bb0%\u00bb custom_padding=\u00bb0px||3px|||\u00bb background_last_edited=\u00bbon|phone\u00bb background_color_gradient_stops_phone=\u00bb#ffffff 95%|#ffc077 95%\u00bb background_color_gradient_start_position_phone=\u00bb95%\u00bb locked=\u00bboff\u00bb global_colors_info=\u00bb{}\u00bb][et_pb_row _builder_version=\u00bb4.16&#8243; max_width=\u00bb900px\u00bb global_colors_info=\u00bb{}\u00bb][et_pb_column type=\u00bb4_4&#8243; _builder_version=\u00bb4.16&#8243; global_colors_info=\u00bb{}\u00bb][et_pb_image src=\u00bbhttp:\/\/67.202.1.253.nip.io\/wp-content\/uploads\/2024\/12\/magazine-18.png\u00bb _builder_version=\u00bb4.16&#8243; custom_margin=\u00bb||50px||false|false\u00bb global_colors_info=\u00bb{}\u00bb][\/et_pb_image][et_pb_text _builder_version=\u00bb4.27.4&#8243; text_font=\u00bbCardo||||||||\u00bb text_text_color=\u00bb#2a2a2a\u00bb text_font_size=\u00bb42px\u00bb text_line_height=\u00bb1.4em\u00bb text_font_size_tablet=\u00bb36px\u00bb text_font_size_phone=\u00bb24px\u00bb text_font_size_last_edited=\u00bbon|desktop\u00bb global_colors_info=\u00bb{}\u00bb]<\/p>\n<p><span>El miedo es una emoci\u00f3n poderosa que puede controlar nuestras vidas si lo permitimos. Bela Lugosi.<\/span><\/p>\n<p>[\/et_pb_text][et_pb_text _builder_version=\u00bb4.27.4&#8243; text_line_height=\u00bb1.8em\u00bb max_width=\u00bb600px\u00bb locked=\u00bboff\u00bb global_colors_info=\u00bb{}\u00bb]<\/p>\n<p><span style=\"font-weight: 400;\">Si eres amante del cine cl\u00e1sico, en <\/span><b>Bibliotele<\/b><span style=\"font-weight: 400;\"> encontrar\u00e1s una selecci\u00f3n \u00fanica de pel\u00edculas que marcaron una \u00e9poca, incluyendo algunos de los m\u00e1s grandes cl\u00e1sicos de terror<\/span><span style=\"font-weight: 400;\">. Nuestra plataforma audiovisual conecta bibliotecas con contenido cultural y educativo cuidadosamente curado, accesible desde cualquier dispositivo.<\/span><\/p>\n<p><span style=\"font-weight: 400;\">\ud83d\udcfd\ufe0f <\/span><b>\u00bfListo para revivir la magia del cine cl\u00e1sico?<\/b><span style=\"font-weight: 400;\"> Explora la riqueza del s\u00e9ptimo arte y descubre c\u00f3mo las pel\u00edculas de Lugosi siguen inspirando a nuevas generaciones. Visita Bibliotele y lleva la cultura y el entretenimiento al alcance de todos.<\/span><\/p>\n<p>[\/et_pb_text][\/et_pb_column][\/et_pb_row][\/et_pb_section][et_pb_section fb_built=\u00bb1&#8243; admin_label=\u00bbRelated Articles\u00bb _builder_version=\u00bb4.16&#8243; global_colors_info=\u00bb{}\u00bb][et_pb_row _builder_version=\u00bb4.16&#8243; global_colors_info=\u00bb{}\u00bb][et_pb_column type=\u00bb4_4&#8243; _builder_version=\u00bb4.16&#8243; global_colors_info=\u00bb{}\u00bb][et_pb_text _builder_version=\u00bb4.27.4&#8243; header_2_font=\u00bbMontserrat|700|||||||\u00bb header_2_font_size=\u00bb70px\u00bb header_2_line_height=\u00bb1.2em\u00bb max_width=\u00bb750px\u00bb header_2_font_size_tablet=\u00bb48px\u00bb header_2_font_size_phone=\u00bb36px\u00bb header_2_font_size_last_edited=\u00bbon|desktop\u00bb locked=\u00bboff\u00bb global_colors_info=\u00bb{}\u00bb]<\/p>\n<h2>Te podr\u00eda interesar&#8230;<\/h2>\n<p>[\/et_pb_text][et_pb_text _builder_version=\u00bb4.16&#8243; text_font=\u00bbCardo|700|||||||\u00bb text_text_color=\u00bbrgba(0,0,0,0.06)\u00bb text_font_size=\u00bb120px\u00bb text_line_height=\u00bb1.2em\u00bb custom_margin=\u00bb-120px|||-120px|false|false\u00bb custom_margin_tablet=\u00bb-90px|||-60px|false|false\u00bb custom_margin_phone=\u00bb-70px|||-40px|false|false\u00bb custom_margin_last_edited=\u00bbon|desktop\u00bb text_font_size_tablet=\u00bb80px\u00bb text_font_size_phone=\u00bb60px\u00bb text_font_size_last_edited=\u00bbon|desktop\u00bb locked=\u00bboff\u00bb global_colors_info=\u00bb{}\u00bb]<\/p>\n<p>Related<\/p>\n<p>[\/et_pb_text][et_pb_blog fullwidth=\u00bboff\u00bb posts_number=\u00bb3&#8243; include_categories=\u00bbcurrent\u00bb show_thumbnail=\u00bboff\u00bb show_more=\u00bbon\u00bb show_excerpt=\u00bboff\u00bb show_pagination=\u00bboff\u00bb _builder_version=\u00bb4.27.4&#8243; header_font=\u00bbCardo|700|||||||\u00bb header_font_size=\u00bb22px\u00bb header_line_height=\u00bb1.4em\u00bb meta_font_size=\u00bb12px\u00bb meta_line_height=\u00bb1.8em\u00bb read_more_font=\u00bb|600||on|||||\u00bb read_more_text_color=\u00bb#ff2a38&#8243; read_more_font_size=\u00bb12px\u00bb read_more_letter_spacing=\u00bb4px\u00bb read_more_line_height=\u00bb1.8em\u00bb text_orientation=\u00bbcenter\u00bb hover_enabled=\u00bb0&#8243; border_color_all=\u00bb#e6e6e6&#8243; global_colors_info=\u00bb{}\u00bb show_date=\u00bboff\u00bb sticky_enabled=\u00bb0&#8243;][\/et_pb_blog][\/et_pb_column][\/et_pb_row][\/et_pb_section]<\/p>","protected":false},"excerpt":{"rendered":"<p>Bela Lugosi (1882-1956) es un nombre inmortalizado en la historia del cine como el actor que defini\u00f3 para siempre la imagen del ic\u00f3nico Conde Dr\u00e1cula, el vampiro m\u00e1s emblem\u00e1tico y aterrador de la cultura popular. Su interpretaci\u00f3n, cargada de misterio, elegancia y una intensidad \u00fanica, dej\u00f3 una marca imborrable en el g\u00e9nero del cine de terror. Sin embargo, m\u00e1s all\u00e1 de su legendario papel, la vida y carrera de Lugosi estuvieron llenas de fascinantes curiosidades, desaf\u00edos personales y momentos que lo convirtieron en una figura tanto admirada como enigm\u00e1tica, digna de ser recordada por generaciones de cin\u00e9filos.Continuar leyendo: 4-5 minOr\u00edgenes en Transilvania y un destino marcado Bela Ferenc Dezs\u0151 Blask\u00f3 naci\u00f3 en Lugos, cerca de la frontera occidental de Transilvania, la cuna del infame Se\u00f1or de la Noche. Antes de convertirse en una leyenda del cine, Lugosi era ya una figura destacada en el Teatro Nacional de Budapest, fundador del sindicato de actores y veterano de la Primera Guerra Mundial. De Hungr\u00eda a Hollywood Tras la Revoluci\u00f3n Comunista fallida en Hungr\u00eda en 1919 y debido a sus inclinaciones pol\u00edticas socialistas, emigr\u00f3 a Estados Unidos. Su dificultad para entender el ingl\u00e9s no impidi\u00f3 que formara una compa\u00f1\u00eda teatral compuesta por inmigrantes [&hellip;]<\/p>","protected":false},"author":5,"featured_media":32310,"comment_status":"closed","ping_status":"closed","sticky":false,"template":"","format":"standard","meta":{"_et_pb_use_builder":"on","_et_pb_old_content":"","_et_gb_content_width":"1080","content-type":"","footnotes":""},"categories":[72],"tags":[],"class_list":["post-32283","post","type-post","status-publish","format-standard","has-post-thumbnail","hentry","category-para-cinefilos"],"_links":{"self":[{"href":"https:\/\/bibliotele.com\/eng\/wp-json\/wp\/v2\/posts\/32283","targetHints":{"allow":["GET"]}}],"collection":[{"href":"https:\/\/bibliotele.com\/eng\/wp-json\/wp\/v2\/posts"}],"about":[{"href":"https:\/\/bibliotele.com\/eng\/wp-json\/wp\/v2\/types\/post"}],"author":[{"embeddable":true,"href":"https:\/\/bibliotele.com\/eng\/wp-json\/wp\/v2\/users\/5"}],"replies":[{"embeddable":true,"href":"https:\/\/bibliotele.com\/eng\/wp-json\/wp\/v2\/comments?post=32283"}],"version-history":[{"count":19,"href":"https:\/\/bibliotele.com\/eng\/wp-json\/wp\/v2\/posts\/32283\/revisions"}],"predecessor-version":[{"id":33125,"href":"https:\/\/bibliotele.com\/eng\/wp-json\/wp\/v2\/posts\/32283\/revisions\/33125"}],"wp:featuredmedia":[{"embeddable":true,"href":"https:\/\/bibliotele.com\/eng\/wp-json\/wp\/v2\/media\/32310"}],"wp:attachment":[{"href":"https:\/\/bibliotele.com\/eng\/wp-json\/wp\/v2\/media?parent=32283"}],"wp:term":[{"taxonomy":"category","embeddable":true,"href":"https:\/\/bibliotele.com\/eng\/wp-json\/wp\/v2\/categories?post=32283"},{"taxonomy":"post_tag","embeddable":true,"href":"https:\/\/bibliotele.com\/eng\/wp-json\/wp\/v2\/tags?post=32283"}],"curies":[{"name":"wp","href":"https:\/\/api.w.org\/{rel}","templated":true}]}}